{"id":924,"date":"2020-06-24T19:44:39","date_gmt":"2020-06-24T17:44:39","guid":{"rendered":"https:\/\/www.aocflorennes.be\/?p=924"},"modified":"2020-06-24T19:44:58","modified_gmt":"2020-06-24T17:44:58","slug":"tir-de-perdrix-et-acces-aux-stands","status":"publish","type":"post","link":"https:\/\/www.aocflorennes.be\/index.php\/2020\/06\/24\/tir-de-perdrix-et-acces-aux-stands\/","title":{"rendered":"Tir de perdrix et acc\u00e8s aux stands"},"content":{"rendered":"\n<div class=\"wp-block-group\"><div class=\"wp-block-group__inner-container is-layout-flow wp-block-group-is-layout-flow\">\n<p>Bonsoir \u00e0 tous, <\/p>\n\n\n\n<p>Pour rappel, suite \u00e0 l&rsquo;oganisation du tir de perdrix de ce samedi 27\/06, tous les autres stands sont ferm\u00e9s et inaccessibles.<br>Merci pour votre compr\u00e9hension.<\/p>\n\n\n\n<p class=\"has-text-align-right\">Le comit\u00e9 de l&rsquo;AOC<\/p>\n<\/div><\/div>\n","protected":false},"excerpt":{"rendered":"<p>Bonsoir \u00e0 tous, Pour rappel, suite \u00e0 l&rsquo;oganisation du tir de perdrix de ce samedi 27\/06, tous les autres stands sont ferm\u00e9s et inaccessibles.Merci pour votre compr\u00e9hension. Le comit\u00e9 de l&rsquo;AOC<\/p>\n","protected":false},"author":1,"featured_media":0,"comment_status":"closed","ping_status":"closed","sticky":false,"template":"","format":"standard","meta":{"footnotes":""},"categories":[7],"tags":[],"class_list":["post-924","post","type-post","status-publish","format-standard","hentry","category-news","content-layout-excerpt-thumb"],"post_mailing_queue_ids":[],"_links":{"self":[{"href":"https:\/\/www.aocflorennes.be\/index.php\/wp-json\/wp\/v2\/posts\/924","targetHints":{"allow":["GET"]}}],"collection":[{"href":"https:\/\/www.aocflorennes.be\/index.php\/wp-json\/wp\/v2\/posts"}],"about":[{"href":"https:\/\/www.aocflorennes.be\/index.php\/wp-json\/wp\/v2\/types\/post"}],"author":[{"embeddable":true,"href":"https:\/\/www.aocflorennes.be\/index.php\/wp-json\/wp\/v2\/users\/1"}],"replies":[{"embeddable":true,"href":"https:\/\/www.aocflorennes.be\/index.php\/wp-json\/wp\/v2\/comments?post=924"}],"version-history":[{"count":2,"href":"https:\/\/www.aocflorennes.be\/index.php\/wp-json\/wp\/v2\/posts\/924\/revisions"}],"predecessor-version":[{"id":926,"href":"https:\/\/www.aocflorennes.be\/index.php\/wp-json\/wp\/v2\/posts\/924\/revisions\/926"}],"wp:attachment":[{"href":"https:\/\/www.aocflorennes.be\/index.php\/wp-json\/wp\/v2\/media?parent=924"}],"wp:term":[{"taxonomy":"category","embeddable":true,"href":"https:\/\/www.aocflorennes.be\/index.php\/wp-json\/wp\/v2\/categories?post=924"},{"taxonomy":"post_tag","embeddable":true,"href":"https:\/\/www.aocflorennes.be\/index.php\/wp-json\/wp\/v2\/tags?post=924"}],"curies":[{"name":"wp","href":"https:\/\/api.w.org\/{rel}","templated":true}]}}