{"id":670,"date":"2020-01-22T18:44:59","date_gmt":"2020-01-22T17:44:59","guid":{"rendered":"https:\/\/www.aocflorennes.be\/?p=670"},"modified":"2020-01-22T18:45:39","modified_gmt":"2020-01-22T17:45:39","slug":"tir-de-mine-ce-jeudi-23-01-2020","status":"publish","type":"post","link":"https:\/\/www.aocflorennes.be\/index.php\/2020\/01\/22\/tir-de-mine-ce-jeudi-23-01-2020\/","title":{"rendered":"Tir de mine ce jeudi 23\/01\/2020"},"content":{"rendered":"\n<div class=\"wp-block-group\"><div class=\"wp-block-group__inner-container is-layout-flow wp-block-group-is-layout-flow\">\n<ul class=\"wp-block-list\"><li> Heure approximative du tir \u2013 vers 10h30. <\/li><li>Lieu\u00a0: Paroi du c\u00f4t\u00e9 de nos bureaux administratifs., \u00e0 hauteur du stand de tir.<\/li><li>Intensit\u00e9\u00a0: Tr\u00e8s forte\u00a0!<\/li><li>Celui-ci sera particuli\u00e8rement fort et se fera fortement ressentir chez Fedasil et au niveau du stand de tir.<\/li><\/ul>\n\n\n\n<p><strong>L\u2019acc\u00e8s sera interdit tant que la s\u00e9curit\u00e9 militaire ne l\u00e8vera pas l&rsquo;interdiction, c\u2019est-\u00e0-dire entre 12 H 00 et 13 H 00.<\/strong> <\/p>\n<\/div><\/div>\n\n\n\n<p><\/p>\n","protected":false},"excerpt":{"rendered":"<p>Heure approximative du tir \u2013 vers 10h30. Lieu\u00a0: Paroi du c\u00f4t\u00e9 de nos bureaux administratifs., \u00e0 hauteur du stand de tir. Intensit\u00e9\u00a0: Tr\u00e8s forte\u00a0! Celui-ci sera particuli\u00e8rement fort et se fera fortement ressentir chez Fedasil et au niveau du stand&#8230; <a href=\"https:\/\/www.aocflorennes.be\/index.php\/2020\/01\/22\/tir-de-mine-ce-jeudi-23-01-2020\/\" class=\"readmore\">Read more<span class=\"screen-reader-text\">Tir de mine ce jeudi 23\/01\/2020<\/span><span class=\"fa fa-angle-double-right\" aria-hidden=\"true\"><\/span><\/a><\/p>\n","protected":false},"author":1,"featured_media":0,"comment_status":"closed","ping_status":"closed","sticky":false,"template":"","format":"standard","meta":{"footnotes":""},"categories":[7],"tags":[],"class_list":["post-670","post","type-post","status-publish","format-standard","hentry","category-news","content-layout-excerpt-thumb"],"post_mailing_queue_ids":[],"_links":{"self":[{"href":"https:\/\/www.aocflorennes.be\/index.php\/wp-json\/wp\/v2\/posts\/670","targetHints":{"allow":["GET"]}}],"collection":[{"href":"https:\/\/www.aocflorennes.be\/index.php\/wp-json\/wp\/v2\/posts"}],"about":[{"href":"https:\/\/www.aocflorennes.be\/index.php\/wp-json\/wp\/v2\/types\/post"}],"author":[{"embeddable":true,"href":"https:\/\/www.aocflorennes.be\/index.php\/wp-json\/wp\/v2\/users\/1"}],"replies":[{"embeddable":true,"href":"https:\/\/www.aocflorennes.be\/index.php\/wp-json\/wp\/v2\/comments?post=670"}],"version-history":[{"count":2,"href":"https:\/\/www.aocflorennes.be\/index.php\/wp-json\/wp\/v2\/posts\/670\/revisions"}],"predecessor-version":[{"id":672,"href":"https:\/\/www.aocflorennes.be\/index.php\/wp-json\/wp\/v2\/posts\/670\/revisions\/672"}],"wp:attachment":[{"href":"https:\/\/www.aocflorennes.be\/index.php\/wp-json\/wp\/v2\/media?parent=670"}],"wp:term":[{"taxonomy":"category","embeddable":true,"href":"https:\/\/www.aocflorennes.be\/index.php\/wp-json\/wp\/v2\/categories?post=670"},{"taxonomy":"post_tag","embeddable":true,"href":"https:\/\/www.aocflorennes.be\/index.php\/wp-json\/wp\/v2\/tags?post=670"}],"curies":[{"name":"wp","href":"https:\/\/api.w.org\/{rel}","templated":true}]}}