{"id":312,"date":"2019-11-29T19:13:46","date_gmt":"2019-11-29T18:13:46","guid":{"rendered":"https:\/\/www.aocflorennes.be\/?p=312"},"modified":"2019-11-29T19:45:30","modified_gmt":"2019-11-29T18:45:30","slug":"invitation-aux-assemblees","status":"publish","type":"post","link":"https:\/\/www.aocflorennes.be\/index.php\/2019\/11\/29\/invitation-aux-assemblees\/","title":{"rendered":"Invitation aux assembl\u00e9es"},"content":{"rendered":"\n<div class=\"wp-block-group\"><div class=\"wp-block-group__inner-container is-layout-flow wp-block-group-is-layout-flow\">\n<p>Comme de coutume en cette p\u00e9riode de l\u2019ann\u00e9e, les prochaines assembl\u00e9es annuelles 2019 sont planifi\u00e9es le <strong>samedi 11 janvier 2020<\/strong> d\u00e8s <strong>13H00<\/strong> dans la caf\u00e9t\u00e9ria du club.<\/p>\n<\/div><\/div>\n","protected":false},"excerpt":{"rendered":"<p>Comme de coutume en cette p\u00e9riode de l\u2019ann\u00e9e, les prochaines assembl\u00e9es annuelles 2019 sont planifi\u00e9es le samedi 11 janvier 2020 d\u00e8s 13H00 dans la caf\u00e9t\u00e9ria du club.<\/p>\n","protected":false},"author":1,"featured_media":0,"comment_status":"open","ping_status":"open","sticky":false,"template":"","format":"standard","meta":{"footnotes":""},"categories":[7],"tags":[],"class_list":["post-312","post","type-post","status-publish","format-standard","hentry","category-news","content-layout-excerpt-thumb"],"post_mailing_queue_ids":[],"_links":{"self":[{"href":"https:\/\/www.aocflorennes.be\/index.php\/wp-json\/wp\/v2\/posts\/312","targetHints":{"allow":["GET"]}}],"collection":[{"href":"https:\/\/www.aocflorennes.be\/index.php\/wp-json\/wp\/v2\/posts"}],"about":[{"href":"https:\/\/www.aocflorennes.be\/index.php\/wp-json\/wp\/v2\/types\/post"}],"author":[{"embeddable":true,"href":"https:\/\/www.aocflorennes.be\/index.php\/wp-json\/wp\/v2\/users\/1"}],"replies":[{"embeddable":true,"href":"https:\/\/www.aocflorennes.be\/index.php\/wp-json\/wp\/v2\/comments?post=312"}],"version-history":[{"count":4,"href":"https:\/\/www.aocflorennes.be\/index.php\/wp-json\/wp\/v2\/posts\/312\/revisions"}],"predecessor-version":[{"id":343,"href":"https:\/\/www.aocflorennes.be\/index.php\/wp-json\/wp\/v2\/posts\/312\/revisions\/343"}],"wp:attachment":[{"href":"https:\/\/www.aocflorennes.be\/index.php\/wp-json\/wp\/v2\/media?parent=312"}],"wp:term":[{"taxonomy":"category","embeddable":true,"href":"https:\/\/www.aocflorennes.be\/index.php\/wp-json\/wp\/v2\/categories?post=312"},{"taxonomy":"post_tag","embeddable":true,"href":"https:\/\/www.aocflorennes.be\/index.php\/wp-json\/wp\/v2\/tags?post=312"}],"curies":[{"name":"wp","href":"https:\/\/api.w.org\/{rel}","templated":true}]}}