{"id":2492,"date":"2025-12-04T19:21:33","date_gmt":"2025-12-04T18:21:33","guid":{"rendered":"https:\/\/www.aocflorennes.be\/?p=2492"},"modified":"2025-12-04T20:23:05","modified_gmt":"2025-12-04T19:23:05","slug":"gouter-cougnou-au-raoc","status":"publish","type":"post","link":"https:\/\/www.aocflorennes.be\/index.php\/2025\/12\/04\/gouter-cougnou-au-raoc\/","title":{"rendered":"Go\u00fbter Cougnou au RAOC"},"content":{"rendered":"\n<p>Bonjour \u00e0 tous,<\/p>\n\n\n\n<p>Le comit\u00e9 du RAOC \u00e0 l\u2019honneur de vous inviter \u00e0 un go\u00fbter cougnou, le samedi 20\/12\/2025 d\u00e8s 16H \u00e0 la caf\u00e9t\u00e9ria.<br>Comme par le pass\u00e9, nous vous proposons le chocolat chaud et les cougnous au prix de 5\u20ac par personne.<br>Merci de vous inscrire aupr\u00e8s du secr\u00e9taire \u00e0 l\u2019adresse <a href=\"mailto:secretaire@aocflorennes.be\">secretaire@aocflorennes.be<\/a> avant le 15\/12\/2025.<br>La participation ne sera valid\u00e9e qu&rsquo;apr\u00e8s inscription et r\u00e9ception des 5\u20ac par participant sur le compte du RAOC.<br><strong>Attention que les tirs se terminerons \u00e0 16h.<\/strong><br>Au plaisir de vous rencontrer nombreux,<\/p>\n\n\n\n<p class=\"has-text-align-right\">Le comit\u00e9 du RAOC<\/p>\n\n\n<div class=\"wp-block-image\">\n<figure class=\"aligncenter size-large\"><img loading=\"lazy\" decoding=\"async\" width=\"1024\" height=\"951\" src=\"https:\/\/www.aocflorennes.be\/wp-content\/uploads\/2025\/12\/image-1024x951.png\" alt=\"\" class=\"wp-image-2499\" srcset=\"https:\/\/www.aocflorennes.be\/wp-content\/uploads\/2025\/12\/image-1024x951.png 1024w, https:\/\/www.aocflorennes.be\/wp-content\/uploads\/2025\/12\/image-300x279.png 300w, https:\/\/www.aocflorennes.be\/wp-content\/uploads\/2025\/12\/image-768x714.png 768w, https:\/\/www.aocflorennes.be\/wp-content\/uploads\/2025\/12\/image.png 1241w\" sizes=\"auto, (max-width: 1024px) 100vw, 1024px\" \/><\/figure>\n<\/div>","protected":false},"excerpt":{"rendered":"<p>Bonjour \u00e0 tous, Le comit\u00e9 du RAOC \u00e0 l\u2019honneur de vous inviter \u00e0 un go\u00fbter cougnou, le samedi 20\/12\/2025 d\u00e8s 16H \u00e0 la caf\u00e9t\u00e9ria.Comme par le pass\u00e9, nous vous proposons le chocolat chaud et les cougnous au prix de 5\u20ac&#8230; <a href=\"https:\/\/www.aocflorennes.be\/index.php\/2025\/12\/04\/gouter-cougnou-au-raoc\/\" class=\"readmore\">Read more<span class=\"screen-reader-text\">Go\u00fbter Cougnou au RAOC<\/span><span class=\"fa fa-angle-double-right\" aria-hidden=\"true\"><\/span><\/a><\/p>\n","protected":false},"author":1,"featured_media":0,"comment_status":"closed","ping_status":"closed","sticky":false,"template":"","format":"standard","meta":{"footnotes":""},"categories":[7],"tags":[],"class_list":["post-2492","post","type-post","status-publish","format-standard","hentry","category-news","content-layout-excerpt-thumb"],"post_mailing_queue_ids":[],"_links":{"self":[{"href":"https:\/\/www.aocflorennes.be\/index.php\/wp-json\/wp\/v2\/posts\/2492","targetHints":{"allow":["GET"]}}],"collection":[{"href":"https:\/\/www.aocflorennes.be\/index.php\/wp-json\/wp\/v2\/posts"}],"about":[{"href":"https:\/\/www.aocflorennes.be\/index.php\/wp-json\/wp\/v2\/types\/post"}],"author":[{"embeddable":true,"href":"https:\/\/www.aocflorennes.be\/index.php\/wp-json\/wp\/v2\/users\/1"}],"replies":[{"embeddable":true,"href":"https:\/\/www.aocflorennes.be\/index.php\/wp-json\/wp\/v2\/comments?post=2492"}],"version-history":[{"count":5,"href":"https:\/\/www.aocflorennes.be\/index.php\/wp-json\/wp\/v2\/posts\/2492\/revisions"}],"predecessor-version":[{"id":2501,"href":"https:\/\/www.aocflorennes.be\/index.php\/wp-json\/wp\/v2\/posts\/2492\/revisions\/2501"}],"wp:attachment":[{"href":"https:\/\/www.aocflorennes.be\/index.php\/wp-json\/wp\/v2\/media?parent=2492"}],"wp:term":[{"taxonomy":"category","embeddable":true,"href":"https:\/\/www.aocflorennes.be\/index.php\/wp-json\/wp\/v2\/categories?post=2492"},{"taxonomy":"post_tag","embeddable":true,"href":"https:\/\/www.aocflorennes.be\/index.php\/wp-json\/wp\/v2\/tags?post=2492"}],"curies":[{"name":"wp","href":"https:\/\/api.w.org\/{rel}","templated":true}]}}