{"id":1605,"date":"2022-09-01T13:05:18","date_gmt":"2022-09-01T11:05:18","guid":{"rendered":"https:\/\/www.aocflorennes.be\/?p=1605"},"modified":"2022-09-01T13:05:18","modified_gmt":"2022-09-01T11:05:18","slug":"tir-de-perdrix-et-acces-aux-stands-10","status":"publish","type":"post","link":"https:\/\/www.aocflorennes.be\/index.php\/2022\/09\/01\/tir-de-perdrix-et-acces-aux-stands-10\/","title":{"rendered":"Tir de perdrix et acc\u00e8s aux stands"},"content":{"rendered":"\n<p class=\"has-white-color has-vivid-red-background-color has-text-color has-background has-medium-font-size\" id=\"block-d061000c-7fd2-4171-a764-a7e5ba5b3a8d\">Pour rappel, suite \u00e0 l\u2019oganisation du\u00a0<a href=\"https:\/\/www.aocflorennes.be\/index.php\/2022\/09\/01\/2e-tir-perdrix-2022-le-samedi-24-septembre-2022\/\" data-type=\"post\" data-id=\"1602\" target=\"_blank\" rel=\"noreferrer noopener\">tir de perdrix de ce samedi 24\/09\/2022<\/a>,\u00a0<strong><em>tous les autres stands sont ferm\u00e9s et inaccessibles<\/em><\/strong>.<\/p>\n\n\n\n<p id=\"block-d061000c-7fd2-4171-a764-a7e5ba5b3a8d\">Merci pour votre compr\u00e9hension.<\/p>\n\n\n\n<p class=\"has-text-align-right\" id=\"block-1c4271d9-8cee-465f-b0b5-295354063487\">Le comit\u00e9 de l\u2019AOC<\/p>\n","protected":false},"excerpt":{"rendered":"<p>Pour rappel, suite \u00e0 l\u2019oganisation du\u00a0tir de perdrix de ce samedi 24\/09\/2022,\u00a0tous les autres stands sont ferm\u00e9s et inaccessibles. Merci pour votre compr\u00e9hension. Le comit\u00e9 de l\u2019AOC<\/p>\n","protected":false},"author":1,"featured_media":0,"comment_status":"closed","ping_status":"closed","sticky":false,"template":"","format":"standard","meta":{"footnotes":""},"categories":[7],"tags":[],"class_list":["post-1605","post","type-post","status-publish","format-standard","hentry","category-news","content-layout-excerpt-thumb"],"post_mailing_queue_ids":[],"_links":{"self":[{"href":"https:\/\/www.aocflorennes.be\/index.php\/wp-json\/wp\/v2\/posts\/1605","targetHints":{"allow":["GET"]}}],"collection":[{"href":"https:\/\/www.aocflorennes.be\/index.php\/wp-json\/wp\/v2\/posts"}],"about":[{"href":"https:\/\/www.aocflorennes.be\/index.php\/wp-json\/wp\/v2\/types\/post"}],"author":[{"embeddable":true,"href":"https:\/\/www.aocflorennes.be\/index.php\/wp-json\/wp\/v2\/users\/1"}],"replies":[{"embeddable":true,"href":"https:\/\/www.aocflorennes.be\/index.php\/wp-json\/wp\/v2\/comments?post=1605"}],"version-history":[{"count":1,"href":"https:\/\/www.aocflorennes.be\/index.php\/wp-json\/wp\/v2\/posts\/1605\/revisions"}],"predecessor-version":[{"id":1606,"href":"https:\/\/www.aocflorennes.be\/index.php\/wp-json\/wp\/v2\/posts\/1605\/revisions\/1606"}],"wp:attachment":[{"href":"https:\/\/www.aocflorennes.be\/index.php\/wp-json\/wp\/v2\/media?parent=1605"}],"wp:term":[{"taxonomy":"category","embeddable":true,"href":"https:\/\/www.aocflorennes.be\/index.php\/wp-json\/wp\/v2\/categories?post=1605"},{"taxonomy":"post_tag","embeddable":true,"href":"https:\/\/www.aocflorennes.be\/index.php\/wp-json\/wp\/v2\/tags?post=1605"}],"curies":[{"name":"wp","href":"https:\/\/api.w.org\/{rel}","templated":true}]}}