{"id":1456,"date":"2022-03-09T19:41:05","date_gmt":"2022-03-09T18:41:05","guid":{"rendered":"https:\/\/www.aocflorennes.be\/?p=1456"},"modified":"2022-03-10T00:10:36","modified_gmt":"2022-03-09T23:10:36","slug":"annulation-journee-de-travail","status":"publish","type":"post","link":"https:\/\/www.aocflorennes.be\/index.php\/2022\/03\/09\/annulation-journee-de-travail\/","title":{"rendered":"ANNULATION &#8211; Journ\u00e9e de travail"},"content":{"rendered":"\n<div class=\"wp-block-group\"><div class=\"wp-block-group__inner-container is-layout-flow wp-block-group-is-layout-flow\">\n<p>Chers Membres,<\/p>\n\n\n\n<p>Vous avez re\u00e7u il y a quelques jours ce mail pour vous demander de l&rsquo;aide lors d&rsquo;une journ\u00e9e de travail.<\/p>\n\n\n\n<p>En voici le contenu:<\/p>\n\n\n\n<p><em>Bonjour \u00e0 tous,<\/em><\/p>\n\n\n\n<p><em>Nous avons programm\u00e9 une journ\u00e9e de travail le jeudi 17 mars 2022<\/em><\/p>\n\n\n\n<p><em>Si vous \u00eates disponibles, nous vous attendons \u00e0 0900 hr \u00e0 la caf\u00e9t\u00e9ria.<\/em><\/p>\n\n\n\n<p><em>Prenez de quoi vous restaurer pendant midi.<\/em><\/p>\n\n\n\n<p><em>Voici les travaux qu\u2019il serait souhaitable de r\u00e9aliser :<\/em><\/p>\n\n\n\n<ul class=\"wp-block-list\"><li><em>Assurer des r\u00e9parations au niveau des plaques de blindage du grand 25<\/em> <em>m\u00e8tres ( soudures de nouvelles plaques)<\/em><\/li><li><em>Fixation des brises vue cot\u00e9 \u00ab FedAsil \u00bb \u00e0 l\u2019aide de colsons.<\/em><\/li><li><em>Fixations de nouvelles bandes de transport au petit 25 m\u00e8tres<\/em><\/li><li><em>Nettoyage des butes de sable ( petit et grand 25)<\/em><\/li><li><em>Fixation de deux potences \u00e0 une distance de 15 m\u00e8tres au petit stand 25.<\/em><\/li><li><em>Nettoyage \u00e0 l\u2019eau de notre caf\u00e9t\u00e9ria<\/em><\/li><li><em>Retirer le plomb des boites du 50 m\u00e8tres<\/em><\/li><li><em>Nettoyage du stand 10 m\u00e8tres et remise en ordre de toutes les lignes<\/em><\/li><li><em>Nettoyage de la fosse du 100 m\u00e8tres.<\/em><\/li><li><em>Esp\u00e9rant compter sur vous ce jeudi 17 mars, nous vous demandons de<\/em> <em>confirmer votre pr\u00e9sence \u00e0 : <a href=\"mailto:securite@aocflorennes.be\">securite@aocflorennes.be<\/a><\/em><\/li><li><em>Penser \u00e0 prendre vos outils car nous n\u2019avons pas assez de mat\u00e9riel pour<\/em> <em>tous.<\/em><\/li><li><em>Merci de nous aider pour garder un club sain.<\/em><\/li><li><em>Au plaisir de vous voir<\/em><\/li><li>Dom<\/li><\/ul>\n\n\n\n<p>Certains d&rsquo;entre vous me reproche de prendre des initiatives et jugent celles-ci comme vexatoires pour la gestionnaire de la caf\u00e9t\u00e9ria.<\/p>\n\n\n\n<p>En aucun cas je n&rsquo;ai voulu \u00eatre discriminatoire ni vexant envers certaines personnes.<\/p>\n\n\n\n<p>J&rsquo;ai comme objectif de toujours aider tout le monde dans l&rsquo;int\u00e9r\u00eat du club.<\/p>\n\n\n\n<p>Il me semblait normale de mettre ceci sur un plan de travail \u00e9tant donn\u00e9 que nous ne programmons plus de journ\u00e9e de travail un samedi afin de ne pas impacter votre temps de loisir.<\/p>\n\n\n\n<p>Comme on me reproche de travailler sans l&rsquo;aval de tous et de prendre des initiatives seul, j&rsquo;ai donc d\u00e9cid\u00e9 d&rsquo;annuler cette journ\u00e9e.<\/p>\n\n\n\n<p class=\"has-vivid-red-color has-luminous-vivid-amber-background-color has-text-color has-background\"><strong>NE PAS VENIR LE JEUDI 17 MARS 2022.<\/strong><\/p>\n\n\n\n<p>Pour les journ\u00e9es de travail \u00e0 venir, celles-ci seront programm\u00e9es par le Comit\u00e9 en fonction de vos demandes via vos responsables de stand, et vous seront communiqu\u00e9es via le secr\u00e9taire du Club.<\/p>\n\n\n\n<p>Vous en souhaitant bonne r\u00e9ception.<\/p>\n\n\n\n<p>&#8212;<\/p>\n\n\n\n<p class=\"has-text-align-right\">&nbsp;&nbsp;&nbsp;&nbsp;&nbsp;&nbsp;&nbsp;&nbsp;&nbsp; D.BRUYERE<\/p>\n\n\n\n<p class=\"has-text-align-right\">&nbsp;&nbsp;&nbsp;&nbsp;&nbsp; Directeur de Tir<\/p>\n\n\n\n<p class=\"has-text-align-right\">&nbsp;&nbsp;&nbsp; Responsable Securit\u00e9<\/p>\n\n\n\n<p class=\"has-text-align-right\">Email:securit\u00e9@aocflorennes.be<\/p>\n\n\n\n<p class=\"has-text-align-right\">Gsm:0485031175&#8211;0492500498<\/p>\n\n\n\n<p class=\"has-text-align-right\">&nbsp;&nbsp;&nbsp;&nbsp;&nbsp;&nbsp;&nbsp;&nbsp; Tf:071668522<\/p>\n<\/div><\/div>\n","protected":false},"excerpt":{"rendered":"<p>Chers Membres, Vous avez re\u00e7u il y a quelques jours ce mail pour vous demander de l&rsquo;aide lors d&rsquo;une journ\u00e9e de travail. En voici le contenu: Bonjour \u00e0 tous, Nous avons programm\u00e9 une journ\u00e9e de travail le jeudi 17 mars&#8230; <a href=\"https:\/\/www.aocflorennes.be\/index.php\/2022\/03\/09\/annulation-journee-de-travail\/\" class=\"readmore\">Read more<span class=\"screen-reader-text\">ANNULATION &#8211; Journ\u00e9e de travail<\/span><span class=\"fa fa-angle-double-right\" aria-hidden=\"true\"><\/span><\/a><\/p>\n","protected":false},"author":1,"featured_media":0,"comment_status":"closed","ping_status":"closed","sticky":false,"template":"","format":"standard","meta":{"footnotes":""},"categories":[7],"tags":[],"class_list":["post-1456","post","type-post","status-publish","format-standard","hentry","category-news","content-layout-excerpt-thumb"],"post_mailing_queue_ids":[],"_links":{"self":[{"href":"https:\/\/www.aocflorennes.be\/index.php\/wp-json\/wp\/v2\/posts\/1456","targetHints":{"allow":["GET"]}}],"collection":[{"href":"https:\/\/www.aocflorennes.be\/index.php\/wp-json\/wp\/v2\/posts"}],"about":[{"href":"https:\/\/www.aocflorennes.be\/index.php\/wp-json\/wp\/v2\/types\/post"}],"author":[{"embeddable":true,"href":"https:\/\/www.aocflorennes.be\/index.php\/wp-json\/wp\/v2\/users\/1"}],"replies":[{"embeddable":true,"href":"https:\/\/www.aocflorennes.be\/index.php\/wp-json\/wp\/v2\/comments?post=1456"}],"version-history":[{"count":5,"href":"https:\/\/www.aocflorennes.be\/index.php\/wp-json\/wp\/v2\/posts\/1456\/revisions"}],"predecessor-version":[{"id":1461,"href":"https:\/\/www.aocflorennes.be\/index.php\/wp-json\/wp\/v2\/posts\/1456\/revisions\/1461"}],"wp:attachment":[{"href":"https:\/\/www.aocflorennes.be\/index.php\/wp-json\/wp\/v2\/media?parent=1456"}],"wp:term":[{"taxonomy":"category","embeddable":true,"href":"https:\/\/www.aocflorennes.be\/index.php\/wp-json\/wp\/v2\/categories?post=1456"},{"taxonomy":"post_tag","embeddable":true,"href":"https:\/\/www.aocflorennes.be\/index.php\/wp-json\/wp\/v2\/tags?post=1456"}],"curies":[{"name":"wp","href":"https:\/\/api.w.org\/{rel}","templated":true}]}}