{"id":1262,"date":"2021-06-09T22:25:34","date_gmt":"2021-06-09T20:25:34","guid":{"rendered":"https:\/\/www.aocflorennes.be\/?p=1262"},"modified":"2021-06-10T17:59:49","modified_gmt":"2021-06-10T15:59:49","slug":"1er-tir-perdrix-2021-le-samedi-20-juin-2021","status":"publish","type":"post","link":"https:\/\/www.aocflorennes.be\/index.php\/2021\/06\/09\/1er-tir-perdrix-2021-le-samedi-20-juin-2021\/","title":{"rendered":"1er Tir \u00ab Perdrix \u00bb 2021 &#8211; Le dimanche 20 juin 2021"},"content":{"rendered":"\n<div class=\"wp-block-group\"><div class=\"wp-block-group__inner-container is-layout-flow wp-block-group-is-layout-flow\">\n<div class=\"wp-block-group\"><div class=\"wp-block-group__inner-container is-layout-flow wp-block-group-is-layout-flow\">\n<figure class=\"wp-block-image\"><img loading=\"lazy\" decoding=\"async\" width=\"927\" height=\"669\" src=\"https:\/\/www.aocflorennes.be\/wp-content\/uploads\/2020\/07\/perdrix.png\" alt=\"\" class=\"wp-image-940\" srcset=\"https:\/\/www.aocflorennes.be\/wp-content\/uploads\/2020\/07\/perdrix.png 927w, https:\/\/www.aocflorennes.be\/wp-content\/uploads\/2020\/07\/perdrix-300x217.png 300w, https:\/\/www.aocflorennes.be\/wp-content\/uploads\/2020\/07\/perdrix-768x554.png 768w\" sizes=\"auto, (max-width: 927px) 100vw, 927px\" \/><\/figure>\n\n\n\n<p><strong>O\u00f9<\/strong><\/p>\n\n\n\n<ul class=\"wp-block-list\"><li>Sur le site ext\u00e9rieur de l\u2019AOC.<\/li><\/ul>\n\n\n\n<p><strong>Modalit\u00e9s et timing<\/strong><\/p>\n\n\n\n<ul class=\"wp-block-list\"><li>Parking dalle b\u00eaton<\/li><li>Briefing s\u00e9curit\u00e9 (Terrain Practice) vers 10h00 et ensuite le d\u00e9but des tirs<\/li><li>Cl\u00f4ture des tirs vers 16h30 et contr\u00f4le des armes avant remise en ordre.<\/li><li><strong>Tous les autres stands sont ferm\u00e9s et inaccessibles<\/strong>&nbsp;!<\/li><\/ul>\n\n\n\n<p><strong>Infos financi\u00e8res<\/strong><\/p>\n\n\n\n<ul class=\"wp-block-list\"><li><strong>Prix d\u2019un tir<\/strong>&nbsp;: 15\u20ac pour 10 plateaux \u2013 20 cartouches (utilisation des munitions fournies par le club obligatoire !).<\/li><li><strong>Rachat :&nbsp;<\/strong>Le prix d\u2019un rachat est fix\u00e9 \u00e0 10\u20ac (pour 10 plateaux et 20 cartouches).<\/li><li><strong>Invit\u00e9&nbsp;:<\/strong>&nbsp;Il est possible pour chaque tireur d\u2019inviter deux personnes souhaitant participer au tir au Clay. Ces invit\u00e9s devront \u00eatre habitu\u00e9 \u00e0 ce genre de tir et en r\u00e8gle pour leur arme. Il faut pour cela remplir et renvoyer le formulaire ci-dessous lors de l\u2019inscription.&nbsp;<em>Le membre invitant sera personnellement responsable de ses invit\u00e9s.<\/em><\/li><li><strong>Possibilit\u00e9 de repas<\/strong>&nbsp;:\u00ab pain-saucisse \u00bb vers 12h00 sur notre emplacement au prix de 3,5\u20ac (n\u2019oubliez pas de vous inscrire).<\/li><li><strong>Des boissons<\/strong>&nbsp;:\u00ab Soft \u00bb pourront \u00e9galement \u00eatre servies au prix du club.<\/li><\/ul>\n\n\n\n<p><strong>Renseignements et inscription<\/strong><\/p>\n\n\n\n<ul class=\"wp-block-list\"><li>Monsieur Dominique Bruyere E-mail:&nbsp;<a href=\"mailto:securite@aocflorennes.be\">securite@aocflorennes.be<\/a><\/li><li>Monsieur Nicolas Denis E-mail:&nbsp;<a href=\"mailto:ict@aocflorennes.be\">ict@aocflorennes.be<\/a><\/li><\/ul>\n\n\n\n<div class=\"wp-block-file\"><a href=\"https:\/\/www.aocflorennes.be\/wp-content\/uploads\/2021\/05\/20210511-aoc_invite_perdrix.pdf\">Formulaire \u00ab invit\u00e9 \u00bb pour le 20\/06\/2021<\/a><a href=\"https:\/\/www.aocflorennes.be\/wp-content\/uploads\/2021\/05\/20210511-aoc_invite_perdrix.pdf\" class=\"wp-block-file__button\" download>T\u00e9l\u00e9charger<\/a><\/div>\n\n\n\n<p><a href=\"https:\/\/docs.google.com\/spreadsheets\/d\/e\/2PACX-1vSostLeAmWV1FWUkjRV_oY_xYaY8zqVqI1wZNZu42qOAd3R8yFzb3dfCUSlG843fSdvHp7B73QanbrU\/pubhtml\" target=\"_blank\" rel=\"noreferrer noopener\">Grille de passage<\/a><\/p>\n<\/div><\/div>\n<\/div><\/div>\n","protected":false},"excerpt":{"rendered":"<p>O\u00f9 Sur le site ext\u00e9rieur de l\u2019AOC. Modalit\u00e9s et timing Parking dalle b\u00eaton Briefing s\u00e9curit\u00e9 (Terrain Practice) vers 10h00 et ensuite le d\u00e9but des tirs Cl\u00f4ture des tirs vers 16h30 et contr\u00f4le des armes avant remise en ordre. Tous les&#8230; <a href=\"https:\/\/www.aocflorennes.be\/index.php\/2021\/06\/09\/1er-tir-perdrix-2021-le-samedi-20-juin-2021\/\" class=\"readmore\">Read more<span class=\"screen-reader-text\">1er Tir \u00ab Perdrix \u00bb 2021 &#8211; Le dimanche 20 juin 2021<\/span><span class=\"fa fa-angle-double-right\" aria-hidden=\"true\"><\/span><\/a><\/p>\n","protected":false},"author":1,"featured_media":0,"comment_status":"closed","ping_status":"closed","sticky":false,"template":"","format":"standard","meta":{"footnotes":""},"categories":[7],"tags":[],"class_list":["post-1262","post","type-post","status-publish","format-standard","hentry","category-news","content-layout-excerpt-thumb"],"post_mailing_queue_ids":[],"_links":{"self":[{"href":"https:\/\/www.aocflorennes.be\/index.php\/wp-json\/wp\/v2\/posts\/1262","targetHints":{"allow":["GET"]}}],"collection":[{"href":"https:\/\/www.aocflorennes.be\/index.php\/wp-json\/wp\/v2\/posts"}],"about":[{"href":"https:\/\/www.aocflorennes.be\/index.php\/wp-json\/wp\/v2\/types\/post"}],"author":[{"embeddable":true,"href":"https:\/\/www.aocflorennes.be\/index.php\/wp-json\/wp\/v2\/users\/1"}],"replies":[{"embeddable":true,"href":"https:\/\/www.aocflorennes.be\/index.php\/wp-json\/wp\/v2\/comments?post=1262"}],"version-history":[{"count":2,"href":"https:\/\/www.aocflorennes.be\/index.php\/wp-json\/wp\/v2\/posts\/1262\/revisions"}],"predecessor-version":[{"id":1269,"href":"https:\/\/www.aocflorennes.be\/index.php\/wp-json\/wp\/v2\/posts\/1262\/revisions\/1269"}],"wp:attachment":[{"href":"https:\/\/www.aocflorennes.be\/index.php\/wp-json\/wp\/v2\/media?parent=1262"}],"wp:term":[{"taxonomy":"category","embeddable":true,"href":"https:\/\/www.aocflorennes.be\/index.php\/wp-json\/wp\/v2\/categories?post=1262"},{"taxonomy":"post_tag","embeddable":true,"href":"https:\/\/www.aocflorennes.be\/index.php\/wp-json\/wp\/v2\/tags?post=1262"}],"curies":[{"name":"wp","href":"https:\/\/api.w.org\/{rel}","templated":true}]}}