{"id":1251,"date":"2021-05-20T19:22:34","date_gmt":"2021-05-20T17:22:34","guid":{"rendered":"https:\/\/www.aocflorennes.be\/?p=1251"},"modified":"2021-05-20T19:22:34","modified_gmt":"2021-05-20T17:22:34","slug":"fermeture-temporaire-des-stands","status":"publish","type":"post","link":"https:\/\/www.aocflorennes.be\/index.php\/2021\/05\/20\/fermeture-temporaire-des-stands\/","title":{"rendered":"Fermeture temporaire des stands"},"content":{"rendered":"\n<div class=\"wp-block-group\"><div class=\"wp-block-group__inner-container is-layout-flow wp-block-group-is-layout-flow\">\n<p>Bonjour \u00e0 tous,<\/p>\n\n\n\n<p>Nos installations sont ferm\u00e9es temporairement suite aux directives \u00e9manant de la D\u00e9fense .<\/p>\n\n\n\n<p class=\"has-black-color has-luminous-vivid-amber-background-color has-text-color has-background has-medium-font-size\"><strong>En cons\u00e9quence, le tir \u00ab&nbsp;Perdrix&nbsp;\u00bb du samedi 22 mai est annul\u00e9.<\/strong><\/p>\n\n\n\n<p class=\"has-black-color has-luminous-vivid-amber-background-color has-text-color has-background has-medium-font-size\"><strong>Ce dimanche 23 mai, l&rsquo;ensemble des stands est ferm\u00e9.<\/strong><\/p>\n\n\n\n<p>Je ne manquerai pas de reprendre contact avec vous d\u00e8s que l\u2019 acc\u00e8s sera \u00e0 nouveau autoris\u00e9.<\/p>\n\n\n\n<p>Bonne journ\u00e9e \u00e0 tous<\/p>\n\n\n\n<p>A bient\u00f4t.<\/p>\n\n\n\n<p><strong><em>PS\u00a0: A diffuser au maximum pour pr\u00e9venir les membres n\u2019ayant pas d\u2019acc\u00e8s internet.\u00a0 Merci<\/em><\/strong>.<\/p>\n\n\n\n<p><em>D.BRUYERE<br>Directeur de Tir<br>Responsable S\u00e9curit\u00e9<br>Tf\u00a0: 0492500498<br>Email\u00a0: <a href=\"mailto:securite@aocflorennes.be\">securite@aocflorennes.be<\/a><\/em><\/p>\n<\/div><\/div>\n","protected":false},"excerpt":{"rendered":"<p>Bonjour \u00e0 tous, Nos installations sont ferm\u00e9es temporairement suite aux directives \u00e9manant de la D\u00e9fense . En cons\u00e9quence, le tir \u00ab&nbsp;Perdrix&nbsp;\u00bb du samedi 22 mai est annul\u00e9. Ce dimanche 23 mai, l&rsquo;ensemble des stands est ferm\u00e9. Je ne manquerai pas&#8230; <a href=\"https:\/\/www.aocflorennes.be\/index.php\/2021\/05\/20\/fermeture-temporaire-des-stands\/\" class=\"readmore\">Read more<span class=\"screen-reader-text\">Fermeture temporaire des stands<\/span><span class=\"fa fa-angle-double-right\" aria-hidden=\"true\"><\/span><\/a><\/p>\n","protected":false},"author":1,"featured_media":0,"comment_status":"closed","ping_status":"closed","sticky":false,"template":"","format":"standard","meta":{"footnotes":""},"categories":[7],"tags":[],"class_list":["post-1251","post","type-post","status-publish","format-standard","hentry","category-news","content-layout-excerpt-thumb"],"post_mailing_queue_ids":[],"_links":{"self":[{"href":"https:\/\/www.aocflorennes.be\/index.php\/wp-json\/wp\/v2\/posts\/1251","targetHints":{"allow":["GET"]}}],"collection":[{"href":"https:\/\/www.aocflorennes.be\/index.php\/wp-json\/wp\/v2\/posts"}],"about":[{"href":"https:\/\/www.aocflorennes.be\/index.php\/wp-json\/wp\/v2\/types\/post"}],"author":[{"embeddable":true,"href":"https:\/\/www.aocflorennes.be\/index.php\/wp-json\/wp\/v2\/users\/1"}],"replies":[{"embeddable":true,"href":"https:\/\/www.aocflorennes.be\/index.php\/wp-json\/wp\/v2\/comments?post=1251"}],"version-history":[{"count":1,"href":"https:\/\/www.aocflorennes.be\/index.php\/wp-json\/wp\/v2\/posts\/1251\/revisions"}],"predecessor-version":[{"id":1252,"href":"https:\/\/www.aocflorennes.be\/index.php\/wp-json\/wp\/v2\/posts\/1251\/revisions\/1252"}],"wp:attachment":[{"href":"https:\/\/www.aocflorennes.be\/index.php\/wp-json\/wp\/v2\/media?parent=1251"}],"wp:term":[{"taxonomy":"category","embeddable":true,"href":"https:\/\/www.aocflorennes.be\/index.php\/wp-json\/wp\/v2\/categories?post=1251"},{"taxonomy":"post_tag","embeddable":true,"href":"https:\/\/www.aocflorennes.be\/index.php\/wp-json\/wp\/v2\/tags?post=1251"}],"curies":[{"name":"wp","href":"https:\/\/api.w.org\/{rel}","templated":true}]}}