{"id":1232,"date":"2021-05-11T19:26:48","date_gmt":"2021-05-11T17:26:48","guid":{"rendered":"https:\/\/www.aocflorennes.be\/?p=1232"},"modified":"2021-05-11T19:39:11","modified_gmt":"2021-05-11T17:39:11","slug":"tir-de-perdrix-et-acces-aux-stands-5","status":"publish","type":"post","link":"https:\/\/www.aocflorennes.be\/index.php\/2021\/05\/11\/tir-de-perdrix-et-acces-aux-stands-5\/","title":{"rendered":"Tir de perdrix et acc\u00e8s aux stands"},"content":{"rendered":"\n<div class=\"wp-block-group\"><div class=\"wp-block-group__inner-container is-layout-flow wp-block-group-is-layout-flow\">\n<p>Bonjour \u00e0 tous,<\/p>\n\n\n\n<p>Pour rappel, suite \u00e0 l\u2019oganisation du\u00a0<a href=\"https:\/\/www.aocflorennes.be\/index.php\/2021\/05\/11\/1er-tir-perdrix-2021-le-samedi-22-mai-2021\/\" data-type=\"post\" data-id=\"1234\" target=\"_blank\" rel=\"noreferrer noopener\">tir de perdrix de ce samedi 22\/05\/2021<\/a>,\u00a0<strong><em>tous les autres stands sont ferm\u00e9s et inaccessibles<\/em><\/strong>.<br>Merci pour votre compr\u00e9hension.<\/p>\n\n\n\n<p class=\"has-text-align-right\">Le comit\u00e9 de l\u2019AOC<\/p>\n<\/div><\/div>\n\n\n\n<p><\/p>\n","protected":false},"excerpt":{"rendered":"<p>Bonjour \u00e0 tous, Pour rappel, suite \u00e0 l\u2019oganisation du\u00a0tir de perdrix de ce samedi 22\/05\/2021,\u00a0tous les autres stands sont ferm\u00e9s et inaccessibles.Merci pour votre compr\u00e9hension. Le comit\u00e9 de l\u2019AOC<\/p>\n","protected":false},"author":1,"featured_media":0,"comment_status":"closed","ping_status":"closed","sticky":false,"template":"","format":"standard","meta":{"footnotes":""},"categories":[7],"tags":[],"class_list":["post-1232","post","type-post","status-publish","format-standard","hentry","category-news","content-layout-excerpt-thumb"],"post_mailing_queue_ids":[],"_links":{"self":[{"href":"https:\/\/www.aocflorennes.be\/index.php\/wp-json\/wp\/v2\/posts\/1232","targetHints":{"allow":["GET"]}}],"collection":[{"href":"https:\/\/www.aocflorennes.be\/index.php\/wp-json\/wp\/v2\/posts"}],"about":[{"href":"https:\/\/www.aocflorennes.be\/index.php\/wp-json\/wp\/v2\/types\/post"}],"author":[{"embeddable":true,"href":"https:\/\/www.aocflorennes.be\/index.php\/wp-json\/wp\/v2\/users\/1"}],"replies":[{"embeddable":true,"href":"https:\/\/www.aocflorennes.be\/index.php\/wp-json\/wp\/v2\/comments?post=1232"}],"version-history":[{"count":4,"href":"https:\/\/www.aocflorennes.be\/index.php\/wp-json\/wp\/v2\/posts\/1232\/revisions"}],"predecessor-version":[{"id":1245,"href":"https:\/\/www.aocflorennes.be\/index.php\/wp-json\/wp\/v2\/posts\/1232\/revisions\/1245"}],"wp:attachment":[{"href":"https:\/\/www.aocflorennes.be\/index.php\/wp-json\/wp\/v2\/media?parent=1232"}],"wp:term":[{"taxonomy":"category","embeddable":true,"href":"https:\/\/www.aocflorennes.be\/index.php\/wp-json\/wp\/v2\/categories?post=1232"},{"taxonomy":"post_tag","embeddable":true,"href":"https:\/\/www.aocflorennes.be\/index.php\/wp-json\/wp\/v2\/tags?post=1232"}],"curies":[{"name":"wp","href":"https:\/\/api.w.org\/{rel}","templated":true}]}}