{"id":1172,"date":"2021-01-29T19:28:58","date_gmt":"2021-01-29T18:28:58","guid":{"rendered":"https:\/\/www.aocflorennes.be\/?p=1172"},"modified":"2021-01-29T19:28:58","modified_gmt":"2021-01-29T18:28:58","slug":"lettre-du-directeur-de-tir","status":"publish","type":"post","link":"https:\/\/www.aocflorennes.be\/index.php\/2021\/01\/29\/lettre-du-directeur-de-tir\/","title":{"rendered":"Lettre du directeur de Tir"},"content":{"rendered":"\n<div class=\"wp-block-group\"><div class=\"wp-block-group__inner-container is-layout-flow wp-block-group-is-layout-flow\">\n<p>Bonjour \u00e0 tous,<\/p>\n\n\n\n<p>Vous trouverez ci-dessous une lettre du directeur de tir, reprenant une communication de l&rsquo;URSTBF.<br>En esp\u00e9rant pouvoir bient\u00f4t nous revoir, prenez soins de vous et de vos proches.<\/p>\n\n\n\n<div class=\"wp-block-file\"><a href=\"https:\/\/www.aocflorennes.be\/wp-content\/uploads\/2021\/01\/Lettre-covid19-Joel-Robin-du-28-janvier-2021.pdf\">Lettre-covid19-Joel-Robin-du-28-janvier-2021<\/a><a href=\"https:\/\/www.aocflorennes.be\/wp-content\/uploads\/2021\/01\/Lettre-covid19-Joel-Robin-du-28-janvier-2021.pdf\" class=\"wp-block-file__button\" download>T\u00e9l\u00e9charger<\/a><\/div>\n\n\n\n<p class=\"has-text-align-right\">Le comit\u00e9 de l&rsquo;AOC<\/p>\n<\/div><\/div>\n","protected":false},"excerpt":{"rendered":"<p>Bonjour \u00e0 tous, Vous trouverez ci-dessous une lettre du directeur de tir, reprenant une communication de l&rsquo;URSTBF.En esp\u00e9rant pouvoir bient\u00f4t nous revoir, prenez soins de vous et de vos proches. Le comit\u00e9 de l&rsquo;AOC<\/p>\n","protected":false},"author":1,"featured_media":0,"comment_status":"closed","ping_status":"closed","sticky":false,"template":"","format":"standard","meta":{"footnotes":""},"categories":[7],"tags":[],"class_list":["post-1172","post","type-post","status-publish","format-standard","hentry","category-news","content-layout-excerpt-thumb"],"post_mailing_queue_ids":[],"_links":{"self":[{"href":"https:\/\/www.aocflorennes.be\/index.php\/wp-json\/wp\/v2\/posts\/1172","targetHints":{"allow":["GET"]}}],"collection":[{"href":"https:\/\/www.aocflorennes.be\/index.php\/wp-json\/wp\/v2\/posts"}],"about":[{"href":"https:\/\/www.aocflorennes.be\/index.php\/wp-json\/wp\/v2\/types\/post"}],"author":[{"embeddable":true,"href":"https:\/\/www.aocflorennes.be\/index.php\/wp-json\/wp\/v2\/users\/1"}],"replies":[{"embeddable":true,"href":"https:\/\/www.aocflorennes.be\/index.php\/wp-json\/wp\/v2\/comments?post=1172"}],"version-history":[{"count":1,"href":"https:\/\/www.aocflorennes.be\/index.php\/wp-json\/wp\/v2\/posts\/1172\/revisions"}],"predecessor-version":[{"id":1174,"href":"https:\/\/www.aocflorennes.be\/index.php\/wp-json\/wp\/v2\/posts\/1172\/revisions\/1174"}],"wp:attachment":[{"href":"https:\/\/www.aocflorennes.be\/index.php\/wp-json\/wp\/v2\/media?parent=1172"}],"wp:term":[{"taxonomy":"category","embeddable":true,"href":"https:\/\/www.aocflorennes.be\/index.php\/wp-json\/wp\/v2\/categories?post=1172"},{"taxonomy":"post_tag","embeddable":true,"href":"https:\/\/www.aocflorennes.be\/index.php\/wp-json\/wp\/v2\/tags?post=1172"}],"curies":[{"name":"wp","href":"https:\/\/api.w.org\/{rel}","templated":true}]}}