{"id":1070,"date":"2020-10-10T08:44:49","date_gmt":"2020-10-10T06:44:49","guid":{"rendered":"https:\/\/www.aocflorennes.be\/?p=1070"},"modified":"2020-10-10T08:44:49","modified_gmt":"2020-10-10T06:44:49","slug":"fermeture-cafeteria-aoc","status":"publish","type":"post","link":"https:\/\/www.aocflorennes.be\/index.php\/2020\/10\/10\/fermeture-cafeteria-aoc\/","title":{"rendered":"Fermeture caf\u00e9t\u00e9ria AOC"},"content":{"rendered":"\n<div class=\"wp-block-group\"><div class=\"wp-block-group__inner-container is-layout-flow wp-block-group-is-layout-flow\">\n<p>Suite \u00e0 un Arr\u00eat\u00e9 du Gouverneur de Namur \u00ab\u00a0Les caf\u00e9t\u00e9rias des clubs sportifs sont ferm\u00e9es jusqu&rsquo;au 10 novembre 2020\u00a0\u00bb.<\/p>\n\n\n\n<p class=\"has-text-align-right\">Le comit\u00e9 de l&rsquo;AOC<\/p>\n<\/div><\/div>\n","protected":false},"excerpt":{"rendered":"<p>Suite \u00e0 un Arr\u00eat\u00e9 du Gouverneur de Namur \u00ab\u00a0Les caf\u00e9t\u00e9rias des clubs sportifs sont ferm\u00e9es jusqu&rsquo;au 10 novembre 2020\u00a0\u00bb. Le comit\u00e9 de l&rsquo;AOC<\/p>\n","protected":false},"author":1,"featured_media":0,"comment_status":"closed","ping_status":"closed","sticky":false,"template":"","format":"standard","meta":{"footnotes":""},"categories":[7],"tags":[],"class_list":["post-1070","post","type-post","status-publish","format-standard","hentry","category-news","content-layout-excerpt-thumb"],"post_mailing_queue_ids":[],"_links":{"self":[{"href":"https:\/\/www.aocflorennes.be\/index.php\/wp-json\/wp\/v2\/posts\/1070","targetHints":{"allow":["GET"]}}],"collection":[{"href":"https:\/\/www.aocflorennes.be\/index.php\/wp-json\/wp\/v2\/posts"}],"about":[{"href":"https:\/\/www.aocflorennes.be\/index.php\/wp-json\/wp\/v2\/types\/post"}],"author":[{"embeddable":true,"href":"https:\/\/www.aocflorennes.be\/index.php\/wp-json\/wp\/v2\/users\/1"}],"replies":[{"embeddable":true,"href":"https:\/\/www.aocflorennes.be\/index.php\/wp-json\/wp\/v2\/comments?post=1070"}],"version-history":[{"count":1,"href":"https:\/\/www.aocflorennes.be\/index.php\/wp-json\/wp\/v2\/posts\/1070\/revisions"}],"predecessor-version":[{"id":1071,"href":"https:\/\/www.aocflorennes.be\/index.php\/wp-json\/wp\/v2\/posts\/1070\/revisions\/1071"}],"wp:attachment":[{"href":"https:\/\/www.aocflorennes.be\/index.php\/wp-json\/wp\/v2\/media?parent=1070"}],"wp:term":[{"taxonomy":"category","embeddable":true,"href":"https:\/\/www.aocflorennes.be\/index.php\/wp-json\/wp\/v2\/categories?post=1070"},{"taxonomy":"post_tag","embeddable":true,"href":"https:\/\/www.aocflorennes.be\/index.php\/wp-json\/wp\/v2\/tags?post=1070"}],"curies":[{"name":"wp","href":"https:\/\/api.w.org\/{rel}","templated":true}]}}